{"id":704,"date":"2024-08-12T14:33:03","date_gmt":"2024-08-12T14:33:03","guid":{"rendered":"https:\/\/ormiban.org.br\/site\/?p=704"},"modified":"2024-08-12T14:33:05","modified_gmt":"2024-08-12T14:33:05","slug":"edital-de-convocacao-agoassembleia-geral-ordinaria-da-ordem-dos-ministros-batistas-nacionais","status":"publish","type":"post","link":"https:\/\/ormiban.org.br\/site\/edital-de-convocacao-agoassembleia-geral-ordinaria-da-ordem-dos-ministros-batistas-nacionais\/","title":{"rendered":"EDITAL DE CONVOCA\u00c7\u00c3O &#8211; AGOASSEMBLEIA GERAL ORDIN\u00c1RIA DA ORDEM DOS MINISTROS BATISTAS NACIONAIS"},"content":{"rendered":"\n<p>Amados membros credenciados,<\/p>\n\n\n\n<p>O presidente nacional da Ordem dos Ministros Batistas Nacionais \u2013 ORMIBAN, no uso de suas atribui\u00e7\u00f5es que lhe confere o Estatuto e Regimento Interno da institui\u00e7\u00e3o <strong><em><u>CONVOCA<\/u><\/em><\/strong><em><u> seus credenciados para participarem da <strong>ASSEMBLEIA GERAL ORDIN\u00c1RIA DA ORMIBAN<\/strong> que acontecer\u00e1 <strong>7 a 9 de agosto de 2024 <\/strong><strong>A partir das 16hs na na cidade de Campinas, S\u00e3o Paulo.<\/strong><\/u><\/em><\/p>\n\n\n\n<ul class=\"wp-block-list\">\n<li><strong><u>PAUTA<\/u><\/strong><strong>:<\/strong><\/li>\n<\/ul>\n\n\n\n<p>Art. 3\u00ba.&nbsp;A Assembleia Geral Ordin\u00e1ria (AGO) ser\u00e1 realizada a cada tr\u00eas anos para:<\/p>\n\n\n\n<p>Eleger a Diretoria Nacional;<\/p>\n\n\n\n<p>Eleger o Conselho Fiscal;<\/p>\n\n\n\n<p>Aprovar relat\u00f3rios financeiros e de atividades; Tratar de assuntos eventuais e outros que constem na pauta<\/p>\n\n\n\n<p>JUNTOS, MANTENHAMOS FIRME O FUNDAMENTO DA NOSSA F\u00c9.<\/p>\n\n\n\n<p><strong>Bras\u00edlia -DF, 06 de novembro de 2023.<\/strong><\/p>\n\n\n\n<p class=\"has-text-align-center\">Pr. Josivan Guimar\u00e3es de Sousa<\/p>\n\n\n\n<p class=\"has-text-align-center\">Presidente Nacional<\/p>\n\n\n\n<div data-wp-interactive=\"core\/file\" class=\"wp-block-file\"><object data-wp-bind--hidden=\"!state.hasPdfPreview\" hidden class=\"wp-block-file__embed\" data=\"https:\/\/ormiban.org.br\/site\/wp-content\/uploads\/2024\/08\/Edital-de-Convocacao-AGO.pdf\" type=\"application\/pdf\" style=\"width:100%;height:600px\" aria-label=\"Incorporado de Edital de Convoca\u00e7\u00e3o AGO.\"><\/object><a id=\"wp-block-file--media-22fb40df-5d9a-4104-9d30-cfe3f528b8d5\" href=\"https:\/\/ormiban.org.br\/site\/wp-content\/uploads\/2024\/08\/Edital-de-Convocacao-AGO.pdf\">Edital de Convoca\u00e7\u00e3o AGO<\/a><a href=\"https:\/\/ormiban.org.br\/site\/wp-content\/uploads\/2024\/08\/Edital-de-Convocacao-AGO.pdf\" class=\"wp-block-file__button wp-element-button\" download aria-describedby=\"wp-block-file--media-22fb40df-5d9a-4104-9d30-cfe3f528b8d5\">Baixar<\/a><\/div>\n","protected":false},"excerpt":{"rendered":"<p>Amados membros credenciados, O presidente nacional da Ordem dos Ministros Batistas Nacionais \u2013 ORMIBAN, no uso de suas atribui\u00e7\u00f5es que lhe confere o Estatuto e Regimento Interno da institui\u00e7\u00e3o CONVOCA seus credenciados para participarem da ASSEMBLEIA GERAL ORDIN\u00c1RIA DA ORMIBAN que acontecer\u00e1 7 a 9 de agosto de 2024 A partir das 16hs na na [&hellip;]<\/p>\n","protected":false},"author":1,"featured_media":0,"comment_status":"closed","ping_status":"closed","sticky":false,"template":"","format":"standard","meta":{"footnotes":""},"categories":[6],"tags":[],"class_list":["post-704","post","type-post","status-publish","format-standard","hentry","category-artigos"],"_links":{"self":[{"href":"https:\/\/ormiban.org.br\/site\/wp-json\/wp\/v2\/posts\/704","targetHints":{"allow":["GET"]}}],"collection":[{"href":"https:\/\/ormiban.org.br\/site\/wp-json\/wp\/v2\/posts"}],"about":[{"href":"https:\/\/ormiban.org.br\/site\/wp-json\/wp\/v2\/types\/post"}],"author":[{"embeddable":true,"href":"https:\/\/ormiban.org.br\/site\/wp-json\/wp\/v2\/users\/1"}],"replies":[{"embeddable":true,"href":"https:\/\/ormiban.org.br\/site\/wp-json\/wp\/v2\/comments?post=704"}],"version-history":[{"count":1,"href":"https:\/\/ormiban.org.br\/site\/wp-json\/wp\/v2\/posts\/704\/revisions"}],"predecessor-version":[{"id":706,"href":"https:\/\/ormiban.org.br\/site\/wp-json\/wp\/v2\/posts\/704\/revisions\/706"}],"wp:attachment":[{"href":"https:\/\/ormiban.org.br\/site\/wp-json\/wp\/v2\/media?parent=704"}],"wp:term":[{"taxonomy":"category","embeddable":true,"href":"https:\/\/ormiban.org.br\/site\/wp-json\/wp\/v2\/categories?post=704"},{"taxonomy":"post_tag","embeddable":true,"href":"https:\/\/ormiban.org.br\/site\/wp-json\/wp\/v2\/tags?post=704"}],"curies":[{"name":"wp","href":"https:\/\/api.w.org\/{rel}","templated":true}]}}